{
    "id": 5199,
    "date": "2025-07-22T13:04:37",
    "date_gmt": "2025-07-22T11:04:37",
    "guid": {
        "rendered": "https:\/\/fairwind.com\/?p=5199"
    },
    "modified": "2026-03-05T11:07:43",
    "modified_gmt": "2026-03-05T09:07:43",
    "slug": "fairwind-appoints-alexandra-hof-to-drive-growth-in-northern-central-europe",
    "status": "publish",
    "type": "post",
    "link": "https:\/\/fairwind.com\/pl\/fairwind-appoints-alexandra-hof-to-drive-growth-in-northern-central-europe\/",
    "title": {
        "rendered": "FairWind appoints Alexandra Hof to drive growth in Northern Central Europe"
    },
    "content": {
        "rendered": "<p>FairWind, a global leader in wind turbine installation and service solutions, has appointed Alexandra Hof as Regional Head of Service for Northern Central Europe (NCE).<\/p>\n\n\n\n<p>In this newly created role, established to reflect a sharpened focus on local market growth, Alexandra will lead the firm\u2019s service activities across key territories in the region with a clear emphasis on operational excellence, customer satisfaction, and regional business growth.<\/p>\n\n\n\n<p>With a career spanning product management, operations, and strategic development, she brings over 18 years\u2019 experience in services at renewable energy, power generation and cross-functional leadership. Most recently, Alexandra was senior product management leader for Offshore Wind Services at GE Vernova. While there, she led an integrated multi-disciplined team, defining strategy, aligning stakeholders and delivering technology roadmaps that drove commercial impact across Europe.<\/p>\n\n\n\n<p>At FairWind, Alexandra will oversee all aspects of the NCE service business unit. This includes accountability for the region\u2019s service financial performance, as well as the full portfolio pf service and maintenance projects, ensuring high-quality and timely execution, and driving strategic KPIs.<\/p>\n\n\n\n<p>Gustavo Valbuena, Regional Director NCE at FairWind said: \u201cAlexandra\u2019s appointment marks a significant step in the evolution of our regional strategy. Known for her leadership and technical acumen, her deep industry experience and customer-centric mindset make her an ideal fit to drive excellence across our NCE service operations. As we continue to scale globally, her track record of championing innovation and helping businesses advance clean energy technologies will be instrumental in reinforcing FairWind\u2019s position as a trusted partner in renewable energy services.\u201d<\/p>\n\n\n\n<p>Alexandra, who holds an Executive MBA from Mannheim Business School in Germany, commented: \u201cI\u2019m honoured to join FairWind at such a defining moment for the industry. This role brings together everything I care about: people, purpose, and the chance to make a real impact on the energy transition. The NCE region is vital to Europe\u2019s green energy vision, and I look forward to working with our talented teams and trusted partners to deliver outstanding service excellence and lasting value for our customers.\u201d<\/p>\n\n\n\n<p>Founded in 2008 and headquartered in Vejle, Denmark, FairWind has established itself as a leading global service provider with over 1,700 technicians operating in more than 40 countries. The company offers full-scope wind turbine services across the entire lifecycle of renewable energy assets, playing a major role in the global energy transition.<\/p>\n\n\n\n<figure class=\"wp-block-image aligncenter size-large\"><img fetchpriority=\"high\" decoding=\"async\" width=\"747\" height=\"1024\" src=\"https:\/\/fairwind.com\/wp-content\/uploads\/2025\/07\/Alexandra-Hof-2-747x1024.webp\" alt=\"\" class=\"wp-image-5200\" style=\"aspect-ratio:1;object-fit:cover\" srcset=\"https:\/\/fairwind.com\/wp-content\/uploads\/2025\/07\/Alexandra-Hof-2-747x1024.webp 747w, https:\/\/fairwind.com\/wp-content\/uploads\/2025\/07\/Alexandra-Hof-2-219x300.webp 219w, https:\/\/fairwind.com\/wp-content\/uploads\/2025\/07\/Alexandra-Hof-2-768x1052.webp 768w, https:\/\/fairwind.com\/wp-content\/uploads\/2025\/07\/Alexandra-Hof-2-9x12.webp 9w, https:\/\/fairwind.com\/wp-content\/uploads\/2025\/07\/Alexandra-Hof-2.webp 1024w\" sizes=\"(max-width: 747px) 100vw, 747px\" \/><\/figure>",
        "protected": false
    },
    "excerpt": {
        "rendered": "<p>FairWind, a global leader in wind turbine installation and service solutions, has appointed Alexandra Hof as Regional Head of Service for Northern Central Europe (NCE). In this newly created role, established to reflect a sharpened focus on local market growth, Alexandra will lead the firm\u2019s service activities across key territories in the region with a [&hellip;]<\/p>",
        "protected": false
    },
    "author": 8,
    "featured_media": 5200,
    "comment_status": "closed",
    "ping_status": "closed",
    "sticky": false,
    "template": "",
    "format": "standard",
    "meta": {
        "_acf_changed": false,
        "inline_featured_image": false,
        "footnotes": ""
    },
    "categories": [
        68
    ],
    "tags": [
        60,
        61,
        59
    ],
    "class_list": [
        "post-5199",
        "post",
        "type-post",
        "status-publish",
        "format-standard",
        "has-post-thumbnail",
        "hentry",
        "category-releases",
        "tag-vestas-accreditation",
        "tag-wind-turbine-safety-rules",
        "tag-wtsr"
    ],
    "acf": [],
    "yoast_head": "<!-- This site is optimized with the Yoast SEO Premium plugin v27.4 (Yoast SEO v27.4) - https:\/\/yoast.com\/product\/yoast-seo-premium-wordpress\/ -->\n<title>FairWind appoints Alexandra Hof to drive growth in Northern Central Europe - FairWind<\/title>\n<meta name=\"description\" content=\"FairWind, a global leader in wind turbine installation and service solutions, has appointed Alexandra Hof as Regional Head of Service for NCE\" \/>\n<meta name=\"robots\" content=\"index, follow, max-snippet:-1, max-image-preview:large, max-video-preview:-1\" \/>\n<link rel=\"canonical\" href=\"https:\/\/fairwind.com\/pl\/fairwind-appoints-alexandra-hof-to-drive-growth-in-northern-central-europe\/\" \/>\n<meta property=\"og:locale\" content=\"pl_PL\" \/>\n<meta property=\"og:type\" content=\"article\" \/>\n<meta property=\"og:title\" content=\"FairWind appoints Alexandra Hof to drive growth in Northern Central Europe\" \/>\n<meta property=\"og:description\" content=\"FairWind, a global leader in wind turbine installation and service solutions, has appointed Alexandra Hof as Regional Head of Service for NCE\" \/>\n<meta property=\"og:url\" content=\"https:\/\/fairwind.com\/pl\/fairwind-appoints-alexandra-hof-to-drive-growth-in-northern-central-europe\/\" \/>\n<meta property=\"og:site_name\" content=\"FairWind\" \/>\n<meta property=\"article:publisher\" content=\"https:\/\/www.facebook.com\/FairWindCompany\" \/>\n<meta property=\"article:published_time\" content=\"2025-07-22T11:04:37+00:00\" \/>\n<meta property=\"article:modified_time\" content=\"2026-03-05T09:07:43+00:00\" \/>\n<meta property=\"og:image\" content=\"https:\/\/fairwind.com\/wp-content\/uploads\/2025\/07\/Alexandra-Hof-2.webp\" \/>\n\t<meta property=\"og:image:width\" content=\"1024\" \/>\n\t<meta property=\"og:image:height\" content=\"1403\" \/>\n\t<meta property=\"og:image:type\" content=\"image\/webp\" \/>\n<meta name=\"author\" content=\"lsmyth@fairwind.com\" \/>\n<meta name=\"twitter:card\" content=\"summary_large_image\" \/>\n<meta name=\"twitter:label1\" content=\"Napisane przez\" \/>\n\t<meta name=\"twitter:data1\" content=\"lsmyth@fairwind.com\" \/>\n\t<meta name=\"twitter:label2\" content=\"Szacowany czas czytania\" \/>\n\t<meta name=\"twitter:data2\" content=\"3 minuty\" \/>\n<script type=\"application\/ld+json\" class=\"yoast-schema-graph\">{\n    \"@context\": \"https:\\\/\\\/schema.org\",\n    \"@graph\": [\n        {\n            \"@type\": \"Article\",\n            \"@id\": \"https:\\\/\\\/fairwind.com\\\/fairwind-appoints-alexandra-hof-to-drive-growth-in-northern-central-europe\\\/#article\",\n            \"isPartOf\": {\n                \"@id\": \"https:\\\/\\\/fairwind.com\\\/fairwind-appoints-alexandra-hof-to-drive-growth-in-northern-central-europe\\\/\"\n            },\n            \"author\": {\n                \"name\": \"lsmyth@fairwind.com\",\n                \"@id\": \"http:\\\/\\\/fairwind.com\\\/en\\\/#\\\/schema\\\/person\\\/f2ec42c5ae416dc8c6b5380868b4b47c\"\n            },\n            \"headline\": \"FairWind appoints Alexandra Hof to drive growth in Northern Central Europe\",\n            \"datePublished\": \"2025-07-22T11:04:37+00:00\",\n            \"dateModified\": \"2026-03-05T09:07:43+00:00\",\n            \"mainEntityOfPage\": {\n                \"@id\": \"https:\\\/\\\/fairwind.com\\\/fairwind-appoints-alexandra-hof-to-drive-growth-in-northern-central-europe\\\/\"\n            },\n            \"wordCount\": 400,\n            \"publisher\": {\n                \"@id\": \"http:\\\/\\\/fairwind.com\\\/en\\\/#organization\"\n            },\n            \"image\": {\n                \"@id\": \"https:\\\/\\\/fairwind.com\\\/fairwind-appoints-alexandra-hof-to-drive-growth-in-northern-central-europe\\\/#primaryimage\"\n            },\n            \"thumbnailUrl\": \"https:\\\/\\\/fairwind.com\\\/wp-content\\\/uploads\\\/2025\\\/07\\\/Alexandra-Hof-2.webp\",\n            \"keywords\": [\n                \"vestas accreditation\",\n                \"wind turbine safety rules\",\n                \"WTSR\"\n            ],\n            \"articleSection\": [\n                \"Release\"\n            ],\n            \"inLanguage\": \"pl-PL\"\n        },\n        {\n            \"@type\": \"WebPage\",\n            \"@id\": \"https:\\\/\\\/fairwind.com\\\/fairwind-appoints-alexandra-hof-to-drive-growth-in-northern-central-europe\\\/\",\n            \"url\": \"https:\\\/\\\/fairwind.com\\\/fairwind-appoints-alexandra-hof-to-drive-growth-in-northern-central-europe\\\/\",\n            \"name\": \"FairWind appoints Alexandra Hof to drive growth in Northern Central Europe - FairWind\",\n            \"isPartOf\": {\n                \"@id\": \"http:\\\/\\\/fairwind.com\\\/en\\\/#website\"\n            },\n            \"primaryImageOfPage\": {\n                \"@id\": \"https:\\\/\\\/fairwind.com\\\/fairwind-appoints-alexandra-hof-to-drive-growth-in-northern-central-europe\\\/#primaryimage\"\n            },\n            \"image\": {\n                \"@id\": \"https:\\\/\\\/fairwind.com\\\/fairwind-appoints-alexandra-hof-to-drive-growth-in-northern-central-europe\\\/#primaryimage\"\n            },\n            \"thumbnailUrl\": \"https:\\\/\\\/fairwind.com\\\/wp-content\\\/uploads\\\/2025\\\/07\\\/Alexandra-Hof-2.webp\",\n            \"datePublished\": \"2025-07-22T11:04:37+00:00\",\n            \"dateModified\": \"2026-03-05T09:07:43+00:00\",\n            \"description\": \"FairWind, a global leader in wind turbine installation and service solutions, has appointed Alexandra Hof as Regional Head of Service for NCE\",\n            \"breadcrumb\": {\n                \"@id\": \"https:\\\/\\\/fairwind.com\\\/fairwind-appoints-alexandra-hof-to-drive-growth-in-northern-central-europe\\\/#breadcrumb\"\n            },\n            \"inLanguage\": \"pl-PL\",\n            \"potentialAction\": [\n                {\n                    \"@type\": \"ReadAction\",\n                    \"target\": [\n                        \"https:\\\/\\\/fairwind.com\\\/fairwind-appoints-alexandra-hof-to-drive-growth-in-northern-central-europe\\\/\"\n                    ]\n                }\n            ]\n        },\n        {\n            \"@type\": \"ImageObject\",\n            \"inLanguage\": \"pl-PL\",\n            \"@id\": \"https:\\\/\\\/fairwind.com\\\/fairwind-appoints-alexandra-hof-to-drive-growth-in-northern-central-europe\\\/#primaryimage\",\n            \"url\": \"https:\\\/\\\/fairwind.com\\\/wp-content\\\/uploads\\\/2025\\\/07\\\/Alexandra-Hof-2.webp\",\n            \"contentUrl\": \"https:\\\/\\\/fairwind.com\\\/wp-content\\\/uploads\\\/2025\\\/07\\\/Alexandra-Hof-2.webp\",\n            \"width\": 1024,\n            \"height\": 1403\n        },\n        {\n            \"@type\": \"BreadcrumbList\",\n            \"@id\": \"https:\\\/\\\/fairwind.com\\\/fairwind-appoints-alexandra-hof-to-drive-growth-in-northern-central-europe\\\/#breadcrumb\",\n            \"itemListElement\": [\n                {\n                    \"@type\": \"ListItem\",\n                    \"position\": 1,\n                    \"name\": \"Strona g\\u0142\\u00f3wna\",\n                    \"item\": \"https:\\\/\\\/fairwind.com\\\/\"\n                },\n                {\n                    \"@type\": \"ListItem\",\n                    \"position\": 2,\n                    \"name\": \"FairWind appoints Alexandra Hof to drive growth in Northern Central Europe\"\n                }\n            ]\n        },\n        {\n            \"@type\": \"WebSite\",\n            \"@id\": \"http:\\\/\\\/fairwind.com\\\/en\\\/#website\",\n            \"url\": \"http:\\\/\\\/fairwind.com\\\/en\\\/\",\n            \"name\": \"FairWind\",\n            \"description\": \"Kompleksowe rozwi\\u0105zania w zakresie instalacji i serwisu l\\u0105dowych i morskich turbin wiatrowych dla globalnego rynku odnawialnych \\u017ar\\u00f3de\\u0142 energii.\",\n            \"publisher\": {\n                \"@id\": \"http:\\\/\\\/fairwind.com\\\/en\\\/#organization\"\n            },\n            \"potentialAction\": [\n                {\n                    \"@type\": \"SearchAction\",\n                    \"target\": {\n                        \"@type\": \"EntryPoint\",\n                        \"urlTemplate\": \"http:\\\/\\\/fairwind.com\\\/en\\\/?s={search_term_string}\"\n                    },\n                    \"query-input\": {\n                        \"@type\": \"PropertyValueSpecification\",\n                        \"valueRequired\": true,\n                        \"valueName\": \"search_term_string\"\n                    }\n                }\n            ],\n            \"inLanguage\": \"pl-PL\"\n        },\n        {\n            \"@type\": \"Organization\",\n            \"@id\": \"http:\\\/\\\/fairwind.com\\\/en\\\/#organization\",\n            \"name\": \"FairWind\",\n            \"url\": \"http:\\\/\\\/fairwind.com\\\/en\\\/\",\n            \"logo\": {\n                \"@type\": \"ImageObject\",\n                \"inLanguage\": \"pl-PL\",\n                \"@id\": \"http:\\\/\\\/fairwind.com\\\/en\\\/#\\\/schema\\\/logo\\\/image\\\/\",\n                \"url\": \"https:\\\/\\\/fairwind.com\\\/wp-content\\\/uploads\\\/2024\\\/03\\\/logo.svg\",\n                \"contentUrl\": \"https:\\\/\\\/fairwind.com\\\/wp-content\\\/uploads\\\/2024\\\/03\\\/logo.svg\",\n                \"width\": 595.28,\n                \"height\": 113.39,\n                \"caption\": \"FairWind\"\n            },\n            \"image\": {\n                \"@id\": \"http:\\\/\\\/fairwind.com\\\/en\\\/#\\\/schema\\\/logo\\\/image\\\/\"\n            },\n            \"sameAs\": [\n                \"https:\\\/\\\/www.facebook.com\\\/FairWindCompany\",\n                \"https:\\\/\\\/www.linkedin.com\\\/company\\\/fairwind\\\/\",\n                \"https:\\\/\\\/www.linkedin.com\\\/showcase\\\/fairwind-recruitment\\\/\"\n            ],\n            \"description\": \"FairWind dostarcza kompletne rozwi\\u0105zania instalacyjne, wst\\u0119pnego monta\\u017cu i serwisowe dla l\\u0105dowych i morskich turbin wiatrowych. Dzi\\u0119ki dzia\\u0142alno\\u015bci w ponad 40 krajach, zespo\\u0142owi ponad 2000 specjalist\\u00f3w i solidnemu globalnemu \\u0142a\\u0144cuchowi dostaw, wspieramy projekty zwi\\u0105zane z energi\\u0105 odnawialn\\u0105 na ca\\u0142ym \\u015bwiecie. Od 2008 roku rozwijamy si\\u0119 organicznie i poprzez przej\\u0119cia, przyspieszaj\\u0105c transformacj\\u0119 energetyczn\\u0105 i pomagaj\\u0105c budowa\\u0107 zr\\u00f3wnowa\\u017con\\u0105 przysz\\u0142o\\u015b\\u0107 dla przysz\\u0142ych pokole\\u0144.\",\n            \"email\": \"mail@fairwind.com\",\n            \"legalName\": \"FairWind A\\\/S\",\n            \"numberOfEmployees\": {\n                \"@type\": \"QuantitativeValue\",\n                \"minValue\": \"1001\",\n                \"maxValue\": \"5000\"\n            }\n        },\n        {\n            \"@type\": \"Person\",\n            \"@id\": \"http:\\\/\\\/fairwind.com\\\/en\\\/#\\\/schema\\\/person\\\/f2ec42c5ae416dc8c6b5380868b4b47c\",\n            \"name\": \"lsmyth@fairwind.com\",\n            \"image\": {\n                \"@type\": \"ImageObject\",\n                \"inLanguage\": \"pl-PL\",\n                \"@id\": \"https:\\\/\\\/secure.gravatar.com\\\/avatar\\\/9f5ac2090cfeaf81f73b6a000076926ff30f5cb433b2958a63b52a77f6cff2fc?s=96&d=mm&r=g\",\n                \"url\": \"https:\\\/\\\/secure.gravatar.com\\\/avatar\\\/9f5ac2090cfeaf81f73b6a000076926ff30f5cb433b2958a63b52a77f6cff2fc?s=96&d=mm&r=g\",\n                \"contentUrl\": \"https:\\\/\\\/secure.gravatar.com\\\/avatar\\\/9f5ac2090cfeaf81f73b6a000076926ff30f5cb433b2958a63b52a77f6cff2fc?s=96&d=mm&r=g\",\n                \"caption\": \"lsmyth@fairwind.com\"\n            }\n        }\n    ]\n}<\/script>\n<!-- \/ Yoast SEO Premium plugin. -->",
    "yoast_head_json": {
        "title": "FairWind appoints Alexandra Hof to drive growth in Northern Central Europe - FairWind",
        "description": "FairWind, a global leader in wind turbine installation and service solutions, has appointed Alexandra Hof as Regional Head of Service for NCE",
        "robots": {
            "index": "index",
            "follow": "follow",
            "max-snippet": "max-snippet:-1",
            "max-image-preview": "max-image-preview:large",
            "max-video-preview": "max-video-preview:-1"
        },
        "canonical": "https:\/\/fairwind.com\/pl\/fairwind-appoints-alexandra-hof-to-drive-growth-in-northern-central-europe\/",
        "og_locale": "pl_PL",
        "og_type": "article",
        "og_title": "FairWind appoints Alexandra Hof to drive growth in Northern Central Europe",
        "og_description": "FairWind, a global leader in wind turbine installation and service solutions, has appointed Alexandra Hof as Regional Head of Service for NCE",
        "og_url": "https:\/\/fairwind.com\/pl\/fairwind-appoints-alexandra-hof-to-drive-growth-in-northern-central-europe\/",
        "og_site_name": "FairWind",
        "article_publisher": "https:\/\/www.facebook.com\/FairWindCompany",
        "article_published_time": "2025-07-22T11:04:37+00:00",
        "article_modified_time": "2026-03-05T09:07:43+00:00",
        "og_image": [
            {
                "width": 1024,
                "height": 1403,
                "url": "https:\/\/fairwind.com\/wp-content\/uploads\/2025\/07\/Alexandra-Hof-2.webp",
                "type": "image\/webp"
            }
        ],
        "author": "lsmyth@fairwind.com",
        "twitter_card": "summary_large_image",
        "twitter_misc": {
            "Napisane przez": "lsmyth@fairwind.com",
            "Szacowany czas czytania": "3 minuty"
        },
        "schema": {
            "@context": "https:\/\/schema.org",
            "@graph": [
                {
                    "@type": "Article",
                    "@id": "https:\/\/fairwind.com\/fairwind-appoints-alexandra-hof-to-drive-growth-in-northern-central-europe\/#article",
                    "isPartOf": {
                        "@id": "https:\/\/fairwind.com\/fairwind-appoints-alexandra-hof-to-drive-growth-in-northern-central-europe\/"
                    },
                    "author": {
                        "name": "lsmyth@fairwind.com",
                        "@id": "http:\/\/fairwind.com\/en\/#\/schema\/person\/f2ec42c5ae416dc8c6b5380868b4b47c"
                    },
                    "headline": "FairWind appoints Alexandra Hof to drive growth in Northern Central Europe",
                    "datePublished": "2025-07-22T11:04:37+00:00",
                    "dateModified": "2026-03-05T09:07:43+00:00",
                    "mainEntityOfPage": {
                        "@id": "https:\/\/fairwind.com\/fairwind-appoints-alexandra-hof-to-drive-growth-in-northern-central-europe\/"
                    },
                    "wordCount": 400,
                    "publisher": {
                        "@id": "http:\/\/fairwind.com\/en\/#organization"
                    },
                    "image": {
                        "@id": "https:\/\/fairwind.com\/fairwind-appoints-alexandra-hof-to-drive-growth-in-northern-central-europe\/#primaryimage"
                    },
                    "thumbnailUrl": "https:\/\/fairwind.com\/wp-content\/uploads\/2025\/07\/Alexandra-Hof-2.webp",
                    "keywords": [
                        "vestas accreditation",
                        "wind turbine safety rules",
                        "WTSR"
                    ],
                    "articleSection": [
                        "Release"
                    ],
                    "inLanguage": "pl-PL"
                },
                {
                    "@type": "WebPage",
                    "@id": "https:\/\/fairwind.com\/fairwind-appoints-alexandra-hof-to-drive-growth-in-northern-central-europe\/",
                    "url": "https:\/\/fairwind.com\/fairwind-appoints-alexandra-hof-to-drive-growth-in-northern-central-europe\/",
                    "name": "FairWind appoints Alexandra Hof to drive growth in Northern Central Europe - FairWind",
                    "isPartOf": {
                        "@id": "http:\/\/fairwind.com\/en\/#website"
                    },
                    "primaryImageOfPage": {
                        "@id": "https:\/\/fairwind.com\/fairwind-appoints-alexandra-hof-to-drive-growth-in-northern-central-europe\/#primaryimage"
                    },
                    "image": {
                        "@id": "https:\/\/fairwind.com\/fairwind-appoints-alexandra-hof-to-drive-growth-in-northern-central-europe\/#primaryimage"
                    },
                    "thumbnailUrl": "https:\/\/fairwind.com\/wp-content\/uploads\/2025\/07\/Alexandra-Hof-2.webp",
                    "datePublished": "2025-07-22T11:04:37+00:00",
                    "dateModified": "2026-03-05T09:07:43+00:00",
                    "description": "FairWind, a global leader in wind turbine installation and service solutions, has appointed Alexandra Hof as Regional Head of Service for NCE",
                    "breadcrumb": {
                        "@id": "https:\/\/fairwind.com\/fairwind-appoints-alexandra-hof-to-drive-growth-in-northern-central-europe\/#breadcrumb"
                    },
                    "inLanguage": "pl-PL",
                    "potentialAction": [
                        {
                            "@type": "ReadAction",
                            "target": [
                                "https:\/\/fairwind.com\/fairwind-appoints-alexandra-hof-to-drive-growth-in-northern-central-europe\/"
                            ]
                        }
                    ]
                },
                {
                    "@type": "ImageObject",
                    "inLanguage": "pl-PL",
                    "@id": "https:\/\/fairwind.com\/fairwind-appoints-alexandra-hof-to-drive-growth-in-northern-central-europe\/#primaryimage",
                    "url": "https:\/\/fairwind.com\/wp-content\/uploads\/2025\/07\/Alexandra-Hof-2.webp",
                    "contentUrl": "https:\/\/fairwind.com\/wp-content\/uploads\/2025\/07\/Alexandra-Hof-2.webp",
                    "width": 1024,
                    "height": 1403
                },
                {
                    "@type": "BreadcrumbList",
                    "@id": "https:\/\/fairwind.com\/fairwind-appoints-alexandra-hof-to-drive-growth-in-northern-central-europe\/#breadcrumb",
                    "itemListElement": [
                        {
                            "@type": "ListItem",
                            "position": 1,
                            "name": "Home",
                            "item": "https:\/\/fairwind.com\/"
                        },
                        {
                            "@type": "ListItem",
                            "position": 2,
                            "name": "FairWind appoints Alexandra Hof to drive growth in Northern Central Europe"
                        }
                    ]
                },
                {
                    "@type": "WebSite",
                    "@id": "http:\/\/fairwind.com\/en\/#website",
                    "url": "http:\/\/fairwind.com\/en\/",
                    "name": "FairWind",
                    "description": "Kompleksowe rozwi\u0105zania w zakresie instalacji i serwisu l\u0105dowych i morskich turbin wiatrowych dla globalnego rynku odnawialnych \u017ar\u00f3de\u0142 energii.",
                    "publisher": {
                        "@id": "http:\/\/fairwind.com\/en\/#organization"
                    },
                    "potentialAction": [
                        {
                            "@type": "SearchAction",
                            "target": {
                                "@type": "EntryPoint",
                                "urlTemplate": "http:\/\/fairwind.com\/en\/?s={search_term_string}"
                            },
                            "query-input": {
                                "@type": "PropertyValueSpecification",
                                "valueRequired": true,
                                "valueName": "search_term_string"
                            }
                        }
                    ],
                    "inLanguage": "pl-PL"
                },
                {
                    "@type": "Organization",
                    "@id": "http:\/\/fairwind.com\/en\/#organization",
                    "name": "FairWind",
                    "url": "http:\/\/fairwind.com\/en\/",
                    "logo": {
                        "@type": "ImageObject",
                        "inLanguage": "pl-PL",
                        "@id": "http:\/\/fairwind.com\/en\/#\/schema\/logo\/image\/",
                        "url": "https:\/\/fairwind.com\/wp-content\/uploads\/2024\/03\/logo.svg",
                        "contentUrl": "https:\/\/fairwind.com\/wp-content\/uploads\/2024\/03\/logo.svg",
                        "width": 595.28,
                        "height": 113.39,
                        "caption": "FairWind"
                    },
                    "image": {
                        "@id": "http:\/\/fairwind.com\/en\/#\/schema\/logo\/image\/"
                    },
                    "sameAs": [
                        "https:\/\/www.facebook.com\/FairWindCompany",
                        "https:\/\/www.linkedin.com\/company\/fairwind\/",
                        "https:\/\/www.linkedin.com\/showcase\/fairwind-recruitment\/"
                    ],
                    "description": "FairWind dostarcza kompletne rozwi\u0105zania instalacyjne, wst\u0119pnego monta\u017cu i serwisowe dla l\u0105dowych i morskich turbin wiatrowych. Dzi\u0119ki dzia\u0142alno\u015bci w ponad 40 krajach, zespo\u0142owi ponad 2000 specjalist\u00f3w i solidnemu globalnemu \u0142a\u0144cuchowi dostaw, wspieramy projekty zwi\u0105zane z energi\u0105 odnawialn\u0105 na ca\u0142ym \u015bwiecie. Od 2008 roku rozwijamy si\u0119 organicznie i poprzez przej\u0119cia, przyspieszaj\u0105c transformacj\u0119 energetyczn\u0105 i pomagaj\u0105c budowa\u0107 zr\u00f3wnowa\u017con\u0105 przysz\u0142o\u015b\u0107 dla przysz\u0142ych pokole\u0144.",
                    "email": "mail@fairwind.com",
                    "legalName": "FairWind A\/S",
                    "numberOfEmployees": {
                        "@type": "QuantitativeValue",
                        "minValue": "1001",
                        "maxValue": "5000"
                    }
                },
                {
                    "@type": "Person",
                    "@id": "http:\/\/fairwind.com\/en\/#\/schema\/person\/f2ec42c5ae416dc8c6b5380868b4b47c",
                    "name": "lsmyth@fairwind.com",
                    "image": {
                        "@type": "ImageObject",
                        "inLanguage": "pl-PL",
                        "@id": "https:\/\/secure.gravatar.com\/avatar\/9f5ac2090cfeaf81f73b6a000076926ff30f5cb433b2958a63b52a77f6cff2fc?s=96&d=mm&r=g",
                        "url": "https:\/\/secure.gravatar.com\/avatar\/9f5ac2090cfeaf81f73b6a000076926ff30f5cb433b2958a63b52a77f6cff2fc?s=96&d=mm&r=g",
                        "contentUrl": "https:\/\/secure.gravatar.com\/avatar\/9f5ac2090cfeaf81f73b6a000076926ff30f5cb433b2958a63b52a77f6cff2fc?s=96&d=mm&r=g",
                        "caption": "lsmyth@fairwind.com"
                    }
                }
            ]
        }
    },
    "_links": {
        "self": [
            {
                "href": "https:\/\/fairwind.com\/wp-json\/wp\/v2\/posts\/5199",
                "targetHints": {
                    "allow": [
                        "GET"
                    ]
                }
            }
        ],
        "collection": [
            {
                "href": "https:\/\/fairwind.com\/wp-json\/wp\/v2\/posts"
            }
        ],
        "about": [
            {
                "href": "https:\/\/fairwind.com\/wp-json\/wp\/v2\/types\/post"
            }
        ],
        "author": [
            {
                "embeddable": true,
                "href": "https:\/\/fairwind.com\/wp-json\/wp\/v2\/users\/8"
            }
        ],
        "replies": [
            {
                "embeddable": true,
                "href": "https:\/\/fairwind.com\/wp-json\/wp\/v2\/comments?post=5199"
            }
        ],
        "version-history": [
            {
                "count": 0,
                "href": "https:\/\/fairwind.com\/wp-json\/wp\/v2\/posts\/5199\/revisions"
            }
        ],
        "wp:featuredmedia": [
            {
                "embeddable": true,
                "href": "https:\/\/fairwind.com\/wp-json\/wp\/v2\/media\/5200"
            }
        ],
        "wp:attachment": [
            {
                "href": "https:\/\/fairwind.com\/wp-json\/wp\/v2\/media?parent=5199"
            }
        ],
        "wp:term": [
            {
                "taxonomy": "category",
                "embeddable": true,
                "href": "https:\/\/fairwind.com\/wp-json\/wp\/v2\/categories?post=5199"
            },
            {
                "taxonomy": "post_tag",
                "embeddable": true,
                "href": "https:\/\/fairwind.com\/wp-json\/wp\/v2\/tags?post=5199"
            }
        ],
        "curies": [
            {
                "name": "wp",
                "href": "https:\/\/api.w.org\/{rel}",
                "templated": true
            }
        ]
    }
}